{"id":95,"date":"2012-09-28T15:43:48","date_gmt":"2012-09-28T14:43:48","guid":{"rendered":"http:\/\/www.pointbarrevideo.com\/wordpress\/?p=95"},"modified":"2014-04-26T20:41:58","modified_gmt":"2014-04-26T19:41:58","slug":"vila-da-marmeleira-faz-um-filme","status":"publish","type":"post","link":"http:\/\/www.pointbarrevideo.com\/wordpress\/?p=95","title":{"rendered":"Vila Da Marmeleira faz um filme !"},"content":{"rendered":"<p style=\"text-align: justify;\"><a href=\"http:\/\/www.pointbarrevideo.com\/wordpress\/wp-content\/uploads\/2012\/09\/vdmfazumfilme.jpg\"><img loading=\"lazy\" decoding=\"async\" class=\"alignnone size-full wp-image-288\" title=\"Vila da Marmeleira faz um filme !\" src=\"http:\/\/www.pointbarrevideo.com\/wordpress\/wp-content\/uploads\/2012\/09\/vdmfazumfilme.jpg\" alt=\"\" width=\"1000\" height=\"188\" srcset=\"http:\/\/www.pointbarrevideo.com\/wordpress\/wp-content\/uploads\/2012\/09\/vdmfazumfilme.jpg 1000w, http:\/\/www.pointbarrevideo.com\/wordpress\/wp-content\/uploads\/2012\/09\/vdmfazumfilme-300x56.jpg 300w, http:\/\/www.pointbarrevideo.com\/wordpress\/wp-content\/uploads\/2012\/09\/vdmfazumfilme-500x94.jpg 500w\" sizes=\"auto, (max-width: 1000px) 100vw, 1000px\" \/><\/a><\/p>\n<p style=\"text-align: justify;\">Pendant l&rsquo;\u00e9t\u00e9 2012, juste apr\u00e8s avoir pass\u00e9 les \u00e9preuves du Bac, six jeunes rennais se rendent au Portugal pour r\u00e9aliser un film sur le th\u00e8me du voyage dans le petit village de Vila de Marmeleira. Durant les deux mois pr\u00e9c\u00e9dents cette semaine de tournage \u00e0 l&rsquo;\u00e9tranger, ils ont \u00e9t\u00e9 initi\u00e9s aux techniques de l&rsquo;audiovisuel avec deux vid\u00e9astes travaillant pour l&rsquo;association POINT BARRE. Ils ont pr\u00e9par\u00e9s leur voyage avec l&rsquo;accompagnement de Jeunes \u00e0 Travers le Monde.<\/p>\n<p>Sur place, ils vont \u00e0 la rencontre des habitants et le film prend forme.<br \/>\n<iframe loading=\"lazy\" src=\"\/\/player.vimeo.com\/video\/92941281?title=0&amp;byline=0&amp;portrait=0&amp;color=ff9933\" width=\"500\" height=\"273\" frameborder=\"0\" webkitallowfullscreen mozallowfullscreen allowfullscreen><\/iframe><\/p>\n<p style=\"text-align: justify;\"><strong>30 minutes | PAL DV | 2012<\/strong><\/p>\n<p><strong>Co-production:<\/strong><br \/>\nPOINT BARRE<br \/>\nJeunes \u00e0 Travers le Monde<\/p>\n<p><strong>Avec le soutien de :<\/strong><br \/>\nVille de Rennes<br \/>\nCercle Paul Bert de Rennes<br \/>\nGAVM Grupo dos Amigos de Vila de Marmeleira<br \/>\nNUPAE<br \/>\nCasa do Povo<\/p>\n<p><strong>R\u00e9alisation :<\/strong><br \/>\nJo\u00ebl Martins Da Silva<br \/>\nAntonin Alloggio<br \/>\navec la complicit\u00e9 de six jeunes rennais.<\/p>\n","protected":false},"excerpt":{"rendered":"<p>Pendant l&rsquo;\u00e9t\u00e9 2012, juste apr\u00e8s avoir pass\u00e9 les \u00e9preuves du Bac, six jeunes rennais se rendent au Portugal pour r\u00e9aliser un film sur le th\u00e8me du voyage dans le petit village de Vila de Marmeleira. Durant les deux mois pr\u00e9c\u00e9dents &hellip; <a href=\"http:\/\/www.pointbarrevideo.com\/wordpress\/?p=95\">Continuer la lecture <span class=\"meta-nav\">&rarr;<\/span><\/a><\/p>\n","protected":false},"author":1,"featured_media":0,"comment_status":"closed","ping_status":"open","sticky":false,"template":"","format":"standard","meta":{"footnotes":""},"categories":[22,19],"tags":[],"class_list":["post-95","post","type-post","status-publish","format-standard","hentry","category-lien-social","category-prod"],"_links":{"self":[{"href":"http:\/\/www.pointbarrevideo.com\/wordpress\/index.php?rest_route=\/wp\/v2\/posts\/95","targetHints":{"allow":["GET"]}}],"collection":[{"href":"http:\/\/www.pointbarrevideo.com\/wordpress\/index.php?rest_route=\/wp\/v2\/posts"}],"about":[{"href":"http:\/\/www.pointbarrevideo.com\/wordpress\/index.php?rest_route=\/wp\/v2\/types\/post"}],"author":[{"embeddable":true,"href":"http:\/\/www.pointbarrevideo.com\/wordpress\/index.php?rest_route=\/wp\/v2\/users\/1"}],"replies":[{"embeddable":true,"href":"http:\/\/www.pointbarrevideo.com\/wordpress\/index.php?rest_route=%2Fwp%2Fv2%2Fcomments&post=95"}],"version-history":[{"count":10,"href":"http:\/\/www.pointbarrevideo.com\/wordpress\/index.php?rest_route=\/wp\/v2\/posts\/95\/revisions"}],"predecessor-version":[{"id":289,"href":"http:\/\/www.pointbarrevideo.com\/wordpress\/index.php?rest_route=\/wp\/v2\/posts\/95\/revisions\/289"}],"wp:attachment":[{"href":"http:\/\/www.pointbarrevideo.com\/wordpress\/index.php?rest_route=%2Fwp%2Fv2%2Fmedia&parent=95"}],"wp:term":[{"taxonomy":"category","embeddable":true,"href":"http:\/\/www.pointbarrevideo.com\/wordpress\/index.php?rest_route=%2Fwp%2Fv2%2Fcategories&post=95"},{"taxonomy":"post_tag","embeddable":true,"href":"http:\/\/www.pointbarrevideo.com\/wordpress\/index.php?rest_route=%2Fwp%2Fv2%2Ftags&post=95"}],"curies":[{"name":"wp","href":"https:\/\/api.w.org\/{rel}","templated":true}]}}