{"id":755,"date":"2013-03-13T12:20:00","date_gmt":"2013-03-13T11:20:00","guid":{"rendered":"http:\/\/www.pointbarrevideo.com\/wordpress\/?p=755"},"modified":"2021-03-25T17:01:51","modified_gmt":"2021-03-25T16:01:51","slug":"755","status":"publish","type":"post","link":"http:\/\/www.pointbarrevideo.com\/wordpress\/?p=755","title":{"rendered":"Partenaires et collaborateurs"},"content":{"rendered":"<p>Nous avons \u00e9t\u00e9 amen\u00e9s \u00e0 travailler avec diff\u00e9rents partenaires et collaborateurs.<br \/>\nParfois de fa\u00e7on ponctuelle et parfois dans la dur\u00e9e.<\/p>\n<p>Nous les avons list\u00e9s par ordre alphab\u00e9tique et il est possible que la liste soit incompl\u00e8te.<\/p>\n<p><strong>La Fondation AG2R La Mondiale <\/strong><a title=\"ANPAA\" href=\"https:\/\/www.fondation.ag2rlamondiale.fr\/accueil\" target=\"_blank\" rel=\"noopener noreferrer\">&gt;&gt;&gt;<\/a><\/p>\n<p><strong>ANPAA <\/strong><a title=\"ANPAA\" href=\"http:\/\/www.anpaa-bretagne.fr\/\" target=\"_blank\" rel=\"noopener noreferrer\">&gt;&gt;&gt;<\/a><\/p>\n<p><strong>ARCS Association Rennaise des Centres Sociaux<\/strong> <a href=\"https:\/\/centres-sociaux-rennais.org\/\" target=\"_blank\" rel=\"noopener\">&gt;&gt;&gt;<\/a><\/p>\n<p><strong>ATD Quart-Monde (Rennes) <\/strong><a href=\"http:\/\/www.atd-quartmonde.fr\/\" target=\"_blank\" rel=\"noopener noreferrer\">&gt;&gt;&gt;<\/a><\/p>\n<p><strong>La R\u00e9gion Bretagne \u00a0<\/strong><a href=\"http:\/\/www.bretagne.bzh\" target=\"_blank\" rel=\"noopener noreferrer\">&gt;&gt;&gt;<\/a><\/p>\n<p><strong>Le CFTTR <\/strong>(Centre de Formation des Traducteurs-localisateurs, Terminologues et R\u00e9dacteurs techniques)<strong> de l\u2019Universit\u00e9 de Rennes 2<\/strong> <a href=\"https:\/\/sites-formations.univ-rennes2.fr\/lea-cfttr\/le-cfttr\/\" target=\"_blank\" rel=\"noopener\">&gt;&gt;&gt;<\/a><\/p>\n<p><strong>La communaut\u00e9 de communes de Bretagne Romantique<\/strong> <a href=\"http:\/\/bretagneromantique.fr\/accueil\" target=\"_blank\" rel=\"noopener noreferrer\">&gt;&gt;&gt;<\/a><\/p>\n<p><strong>La Communaut\u00e9 de communes de Broc\u00e9liande\u00a0<\/strong>\u00a0<a href=\"http:\/\/www.cc-broceliande.fr\/accueil\" target=\"_blank\" rel=\"noopener noreferrer\">&gt;&gt;&gt;<\/a><\/p>\n<p><strong>Calico <\/strong><a href=\"http:\/\/www.calico.fr\/\" target=\"_blank\" rel=\"noopener noreferrer\">&gt;&gt;&gt;<\/a><\/p>\n<p><strong>Canal B\u00a0<\/strong><a href=\"http:\/\/www.canalb.fr\/\" target=\"_blank\" rel=\"noopener noreferrer\">&gt;&gt;&gt;<\/a><\/p>\n<p><strong>Le Cercle celtique de Rennes<\/strong> <a href=\"http:\/\/cercleceltiquederennes.org\" target=\"_blank\" rel=\"noopener\">&gt;&gt;&gt;<\/a><\/p>\n<p><strong>Cercle Paul Bert \u00a0<\/strong><a href=\"http:\/\/cerclepaulbert.asso.fr\/\" target=\"_blank\" rel=\"noopener noreferrer\">&gt;&gt;&gt;<\/a><\/p>\n<p><strong>Chaire Jeunesse EHESP<\/strong> <a href=\"http:\/\/www.ehesp.fr\/recherche\/les-chaires\/chaire-de-recherche-sur-la-jeunesse\/\" target=\"_blank\" rel=\"noopener noreferrer\">&gt;&gt;&gt;<\/a><\/p>\n<p><strong>Champs de Justice<\/strong> <a href=\"https:\/\/www.champsdejustice.fr\/\" target=\"_blank\" rel=\"noopener\">&gt;&gt;&gt;<\/a><\/p>\n<p><strong>Les Champs Libres<\/strong> <a href=\"https:\/\/www.leschampslibres.fr\/\" target=\"_blank\" rel=\"noopener\">&gt;&gt;&gt;<\/a><\/p>\n<p><strong>Chor\u00e9danse<\/strong> <a href=\"https:\/\/choredanserennes.wixsite.com\/choredanse-rennes\" target=\"_blank\" rel=\"noopener\">&gt;&gt;&gt;<\/a><\/p>\n<p><strong>Le CCAS de Vitr\u00e9<\/strong><\/p>\n<p><strong>Le CLIC des Portes de Bretagne<\/strong><\/p>\n<p><strong>Le CLIC Roche aux F\u00e9es<\/strong><\/p>\n<p><strong>Le CLIC Marches de Bretagne<\/strong><\/p>\n<p><strong>La Compagnie 3e Acte<\/strong> <a href=\"https:\/\/cie3acte.com\/\" target=\"_blank\" rel=\"noopener\">&gt;&gt;&gt;<\/a><\/p>\n<p>Le Commissariat g\u00e9n\u00e9ral \u00e0 l&rsquo;\u00c9galit\u00e9 des territoires <strong>CGET<\/strong> &#8211; politique de la Ville <a href=\"https:\/\/agence-cohesion-territoires.gouv.fr\/\" target=\"_blank\" rel=\"noopener\">&gt;&gt;&gt;<\/a><\/p>\n<p><strong>Coglais Marches de Bretagne \u00a0<\/strong><a href=\"http:\/\/www.coglais.com\/\" target=\"_blank\" rel=\"noopener noreferrer\">&gt;&gt;&gt;<\/a><\/p>\n<p><strong>La Conf\u00e9rence des financeurs d&rsquo;Ille-et-Vilaine<\/strong> <a href=\"https:\/\/conference-des-financeurs.ille-et-vilaine.fr\/\" target=\"_blank\" rel=\"noopener\">&gt;&gt;&gt;<\/a><\/p>\n<p><strong>Le Centre National du Cin\u00e9ma et de l&rsquo;image anim\u00e9e<\/strong> &#8211; CNC &#8211; ACS\u00c9 Fonds images de la diversit\u00e9 <a href=\"https:\/\/www.cnc.fr\/professionnels\/aides-et-financements\/multi-sectoriel\/ecriture-et-developpement\/fonds-images-de-la-diversite_191484\" target=\"_blank\" rel=\"noopener\">&gt;&gt;&gt;<\/a><\/p>\n<p><strong>Le D\u00e9partement des C\u00f4tes d&rsquo;Armor \u00a0<a href=\"https:\/\/cotesdarmor.fr\/\" target=\"_blank\" rel=\"noopener noreferrer\">&gt;&gt;&gt;<\/a><\/strong><\/p>\n<p><strong>La D\u00e9l\u00e9gation aux droits des femmes et \u00e0 l&rsquo;\u00e9galit\u00e9 des chance<\/strong><\/p>\n<p>La Direction D\u00e9partementale de la Coh\u00e9sion Sociale et de la Protection des Populations <strong>DDCSPP 35<\/strong><\/p>\n<p>La Direction R\u00e9gionale des Affaires Culturelles &#8211; <strong>DRAC Bretagne<\/strong><\/p>\n<p><strong>Dirty old Mat<\/strong> <a href=\"https:\/\/official.shop\/dirtyoldmat#home\" target=\"_blank\" rel=\"noopener\">&gt;&gt;&gt;<\/a><\/p>\n<p><strong>La DRJSCS <\/strong><a href=\"http:\/\/www.bretagne.drjscs.gouv.fr\/\" target=\"_blank\" rel=\"noopener noreferrer\">&gt;&gt;&gt;<\/a><\/p>\n<p><strong>Le coll\u00e8ge La Binquenais<\/strong> \u00e0 Rennes <a href=\"https:\/\/www.college-la-binquenais-rennes.ac-rennes.fr\/\" target=\"_blank\" rel=\"noopener\">&gt;&gt;&gt;<\/a><\/p>\n<p>Le coll\u00e8ge G\u00e9rard de Nerval \u00e0 Vitr\u00e9 <a href=\"https:\/\/www.collegegerarddenerval-vitre.ac-rennes.fr\/\" target=\"_blank\" rel=\"noopener\">&gt;&gt;&gt;<\/a><\/p>\n<p><strong>Le Comit\u00e9 Breton d&rsquo;Histoire de la S\u00e9curit\u00e9 Sociale<\/strong> <a href=\"https:\/\/histoire-secu-bretagne.org\/\" target=\"_blank\" rel=\"noopener\">&gt;&gt;&gt;<\/a><\/p>\n<p><strong>La Commune de Dol de Bretagne<\/strong> <a href=\"http:\/\/www.dol-de-bretagne.fr\/\" target=\"_blank\" rel=\"noopener noreferrer\">&gt;&gt;&gt;<\/a><\/p>\n<p><strong>La Communaut\u00e9 de Communes de Dol de Bretagne<\/strong> <a href=\"https:\/\/www.ccdol-baiemsm.bzh\/\" target=\"_blank\" rel=\"noopener noreferrer\">&gt;&gt;&gt;<\/a><\/p>\n<p><strong>Docabilly<\/strong>\u00a0\u00a0<a href=\"http:\/\/docabilly.free.fr\/\" target=\"_blank\" rel=\"noopener noreferrer\">&gt;&gt;&gt;<\/a><\/p>\n<p><strong>Elom20ce<\/strong> \u00a0<a href=\"http:\/\/elom20ce.com\/\" target=\"_blank\" rel=\"noopener noreferrer\">&gt;&gt;&gt;<\/a><\/p>\n<p><strong>Espacil Habitat<\/strong> <a href=\"https:\/\/www.espacil-habitat.fr\/\" target=\"_blank\" rel=\"noopener\">&gt;&gt;&gt;<\/a><\/p>\n<p><strong>L\u2019Europe<\/strong>\u00a0\u00a0<a href=\"http:\/\/europe.bzh\" target=\"_blank\" rel=\"noopener noreferrer\">&gt;&gt;&gt;<\/a><\/p>\n<p><strong>La fabrique citoyenne<\/strong> <a href=\"https:\/\/fabriquecitoyenne.rennes.fr\/\" target=\"_blank\" rel=\"noopener\">&gt;&gt;&gt;<\/a><\/p>\n<p><strong>La Garantie Jeunes<\/strong><\/p>\n<p><strong>Le grand soufflet \u00a0<\/strong><a href=\"http:\/\/www.legrandsoufflet.fr\/\" target=\"_blank\" rel=\"noopener noreferrer\">&gt;&gt;&gt;<\/a><\/p>\n<p><strong>H\u00e9olart<\/strong>\u00a0\u00a0<a href=\"http:\/\/heolart.canalblog.com\/\" target=\"_blank\" rel=\"noopener noreferrer\">&gt;&gt;&gt;<\/a><\/p>\n<p><strong>Le D\u00e9partement d\u2019Ille-et-vilaine<\/strong>\u00a0\u00a0<a href=\"http:\/\/www.st-brice-en-cogles.fr\/\" target=\"_blank\" rel=\"noopener noreferrer\">&gt;&gt;&gt;<\/a><\/p>\n<p><strong>Jeunes \u00e0 Travers le Monde \u00a0<\/strong><a href=\"http:\/\/www.international-jtm.com\/\" target=\"_blank\" rel=\"noopener noreferrer\">&gt;&gt;&gt;<\/a><\/p>\n<p><strong>Jeudevi<\/strong>\u00a0\u00a0<a href=\"http:\/\/www.jeudevi.org\/\" target=\"_blank\" rel=\"noopener noreferrer\">&gt;&gt;&gt;<\/a><\/p>\n<p><strong>Kali&amp;Co<\/strong> <a href=\"http:\/\/www.kali-co.fr\/\" target=\"_blank\" rel=\"noopener noreferrer\">&gt;&gt;&gt;<\/a><\/p>\n<p><strong>KUB<\/strong> webm\u00e9dia Breton <a href=\"https:\/\/www.kubweb.media\/\" target=\"_blank\" rel=\"noopener\">&gt;&gt;&gt;<\/a><\/p>\n<p><strong>La ville de Lannion<a href=\"https:\/\/www.lannion.bzh\/\"> &gt;&gt;&gt;<\/a><\/strong><\/p>\n<p><strong>Lannion Tr\u00e9gor Communaut\u00e9\u00a0<a href=\"https:\/\/www.lannion-tregor.com\/\">&gt;&gt;&gt;<\/a><\/strong><\/p>\n<p><strong>La Ligue de l&rsquo;enseignement<\/strong> <a href=\"https:\/\/www.laligue35.org\/\" target=\"_blank\" rel=\"noopener\">&gt;&gt;&gt;<\/a><\/p>\n<p><strong>Le Lyc\u00e9e Bertrand d&rsquo;Argentr\u00e9<\/strong> \u00e0 Vitr\u00e9 <a href=\"https:\/\/www.lyceebertrandargentrevitre.ac-rennes.fr\/\" target=\"_blank\" rel=\"noopener\">&gt;&gt;&gt;<\/a><\/p>\n<p><strong>La Compagnie Machtiern<\/strong> <a href=\"https:\/\/machtiern.org\/\" target=\"_blank\" rel=\"noopener\">&gt;&gt;&gt;<\/a><\/p>\n<p><strong>La Maison des Sciences de l\u2019Homme en Bretagne<\/strong> <a href=\"https:\/\/www.mshb.fr\/\" target=\"_blank\" rel=\"noopener\">&gt;&gt;&gt;<\/a><\/p>\n<p><strong>Minist\u00e8re de la Culture et de la Communication<\/strong> <a href=\"https:\/\/www.culture.gouv.fr\/\" target=\"_blank\" rel=\"noopener\">&gt;&gt;&gt;<\/a><\/p>\n<p><strong>La mission locale du bassin d&#8217;emploi de Rennes \u00a0<\/strong><a href=\"http:\/\/www.mlrennes.org\/\" target=\"_blank\" rel=\"noopener noreferrer\">&gt;&gt;&gt;<\/a><\/p>\n<p><strong>Le Mus\u00e9e de Bretagne<\/strong> <a href=\"https:\/\/www.musee-bretagne.fr\/\" target=\"_blank\" rel=\"noopener\">&gt;&gt;&gt;<\/a><\/p>\n<p><strong>Les Pratos \u00a0<\/strong><a href=\"http:\/\/www.lespratos.org\/\" target=\"_blank\" rel=\"noopener noreferrer\">&gt;&gt;&gt;<\/a><\/p>\n<p><strong>Prisme<\/strong> <a href=\"https:\/\/prisme.bzh\/\">&gt;&gt;&gt;<\/a><\/p>\n<p><strong>La Commune de Pl\u00e9lan-Le-Grand<\/strong>\u00a0 \u00a0<a href=\"http:\/\/www.plelan-le-grand.fr\/\" target=\"_blank\" rel=\"noopener noreferrer\">&gt;&gt;&gt;<\/a><\/p>\n<p><strong>Radio Laser\u00a0<\/strong><a href=\"http:\/\/www.radiolaser.fr\/\" target=\"_blank\" rel=\"noopener noreferrer\">&gt;&gt;&gt;<\/a><\/p>\n<p><strong>Radio Univers<\/strong> <a href=\"http:\/\/www.radio-univers.com\/\" target=\"_blank\" rel=\"noopener\">&gt;&gt;&gt;<\/a><\/p>\n<p><strong>Rafael Demascarone<\/strong> <a href=\"http:\/\/demascarone.com\/\" target=\"_blank\" rel=\"noopener\">&gt;&gt;&gt;<\/a><\/p>\n<p><strong>Rennes la NOVOSPHERE\u00a0<\/strong><a href=\"http:\/\/www.rennes-novosphere.com\/fr\/accueil\" target=\"_blank\" rel=\"noopener noreferrer\">&gt;&gt;&gt;<\/a><\/p>\n<p><strong>La Ville de Rennes \u00a0 <\/strong><a href=\"http:\/\/metropole.rennes.fr\/\" target=\"_blank\" rel=\"noopener noreferrer\">&gt;&gt;&gt;<\/a><\/p>\n<p><strong>Rennes M\u00e9tropole\u00a0<\/strong><a href=\"http:\/\/metropole.rennes.fr\/\" target=\"_blank\" rel=\"noopener noreferrer\">&gt;&gt;&gt;<\/a><\/p>\n<p><strong>Ressaca<\/strong> <a href=\"https:\/\/www.facebook.com\/Ressaca-1744048652313117\/\" target=\"_blank\" rel=\"noopener\">&gt;&gt;&gt;<\/a><\/p>\n<p><strong>La Commune de Saint Brice en Cogl\u00e8s<\/strong>\u00a0\u00a0<a href=\"http:\/\/www.st-brice-en-cogles.fr\/\" target=\"_blank\" rel=\"noopener noreferrer\">&gt;&gt;&gt;<\/a><\/p>\n<p><strong>Saint-Brieuc Armor Agglom\u00e9ration\u00a0<a href=\"https:\/\/www.saintbrieuc-armor-agglo.fr\/\"> &gt;&gt;&gt;<\/a><\/strong><\/p>\n<p><strong>La Commune de Saint-Malo<\/strong> <a href=\"http:\/\/www.ville-saint-malo.fr\/\" target=\"_blank\" rel=\"noopener noreferrer\">&gt;&gt;&gt;<\/a><\/p>\n<p><strong>Skeudenn\u00a0<\/strong>\u00a0<a href=\"http:\/\/www.skeudenn.bzh\" target=\"_blank\" rel=\"noopener noreferrer\">&gt;&gt;&gt;<\/a><\/p>\n<p><strong>La Fondation SNCF<\/strong>\u00a0 \u00a0<a href=\"https:\/\/www.sncf.com\/fr\/engagements\/fondation-sncf\" target=\"_blank\" rel=\"noopener noreferrer\">&gt;&gt;&gt;<\/a><\/p>\n<p><strong>Soutien aux Tuteurs Familiaux 35<\/strong> \u00a0 <a title=\"Le site du dispositif\" href=\"http:\/\/www.tuteursfamiliaux35.org\/\" target=\"_blank\" rel=\"noopener noreferrer\">&gt;&gt;&gt;<\/a><\/p>\n<p><strong>StrataGEM<\/strong> Vitr\u00e9 <a href=\"https:\/\/www.facebook.com\/strata.gem.1\" target=\"_blank\" rel=\"noopener\">&gt;&gt;&gt;<\/a><\/p>\n<p><strong>TER Bretagne<a href=\"https:\/\/www.ter.sncf.com\/bretagne\"> &gt;&gt;&gt;<\/a><\/strong><\/p>\n<p><strong>Maison de quartier La Touche<\/strong> <a href=\"http:\/\/www.mqlt.fr\/\" target=\"_blank\" rel=\"noopener\">&gt;&gt;&gt;<\/a><\/p>\n<p><strong>Toucouleurs<\/strong> <a href=\"https:\/\/www.toucouleurs.org\/\" target=\"_blank\" rel=\"noopener\">&gt;&gt;&gt;<\/a><\/p>\n<p><strong>Les chemins du trobreiz<\/strong> <a href=\"http:\/\/www.trobreiz.com\/\" target=\"_blank\" rel=\"noopener noreferrer\">&gt;&gt;&gt;<\/a><\/p>\n<p><strong>TV Rennes<\/strong> et groupement de cha\u00eenes bretonne <a href=\"https:\/\/www.tvr.bzh\/\" target=\"_blank\" rel=\"noopener\">&gt;&gt;&gt;<\/a><\/p>\n<p><strong>L&rsquo;Udaf 35<\/strong> <a href=\"https:\/\/udaf35.fr\/\" target=\"_blank\" rel=\"noopener\">&gt;&gt;&gt;<\/a><\/p>\n<p><strong>Universit\u00e9 Rennes 2<\/strong>\u00a0 \u00a0<a href=\"http:\/\/www.univ-rennes2.fr\/\" target=\"_blank\" rel=\"noopener noreferrer\">&gt;&gt;&gt;<\/a><\/p>\n<p><strong>Wagonnet Production <\/strong><a href=\"http:\/\/www.wagonnetproduction.com\/\" target=\"_blank\" rel=\"noopener\">&gt;&gt;&gt;<\/a><\/p>\n<p><strong>We Ker<\/strong> <a href=\"https:\/\/we-ker.org\/\" target=\"_blank\" rel=\"noopener\">&gt;&gt;&gt;<\/a><\/p>\n<p><strong>Yadla&rsquo;vie \u00a0 <\/strong><a href=\"http:\/\/yadlavie.org\/\" target=\"_blank\" rel=\"noopener noreferrer\">&gt;&gt;&gt;<\/a><\/p>\n<p><strong>Festival Yaouank<\/strong> <a href=\"https:\/\/yaouank.bzh\/\" target=\"_blank\" rel=\"noopener\">&gt;&gt;&gt;<\/a><\/p>\n<p>Chacun \u00e0 leur mani\u00e8re, ils nous ont fait confiance. Nous les en remercions.<\/p>\n","protected":false},"excerpt":{"rendered":"<p>Nous avons \u00e9t\u00e9 amen\u00e9s \u00e0 travailler avec diff\u00e9rents partenaires et collaborateurs. Parfois de fa\u00e7on ponctuelle et parfois dans la dur\u00e9e. Nous les avons list\u00e9s par ordre alphab\u00e9tique et il est possible que la liste soit incompl\u00e8te. La Fondation AG2R La &hellip; <a href=\"http:\/\/www.pointbarrevideo.com\/wordpress\/?p=755\">Continuer la lecture <span class=\"meta-nav\">&rarr;<\/span><\/a><\/p>\n","protected":false},"author":1,"featured_media":0,"comment_status":"closed","ping_status":"open","sticky":false,"template":"","format":"standard","meta":{"footnotes":""},"categories":[24],"tags":[],"class_list":["post-755","post","type-post","status-publish","format-standard","hentry","category-partcoll"],"_links":{"self":[{"href":"http:\/\/www.pointbarrevideo.com\/wordpress\/index.php?rest_route=\/wp\/v2\/posts\/755","targetHints":{"allow":["GET"]}}],"collection":[{"href":"http:\/\/www.pointbarrevideo.com\/wordpress\/index.php?rest_route=\/wp\/v2\/posts"}],"about":[{"href":"http:\/\/www.pointbarrevideo.com\/wordpress\/index.php?rest_route=\/wp\/v2\/types\/post"}],"author":[{"embeddable":true,"href":"http:\/\/www.pointbarrevideo.com\/wordpress\/index.php?rest_route=\/wp\/v2\/users\/1"}],"replies":[{"embeddable":true,"href":"http:\/\/www.pointbarrevideo.com\/wordpress\/index.php?rest_route=%2Fwp%2Fv2%2Fcomments&post=755"}],"version-history":[{"count":24,"href":"http:\/\/www.pointbarrevideo.com\/wordpress\/index.php?rest_route=\/wp\/v2\/posts\/755\/revisions"}],"predecessor-version":[{"id":2158,"href":"http:\/\/www.pointbarrevideo.com\/wordpress\/index.php?rest_route=\/wp\/v2\/posts\/755\/revisions\/2158"}],"wp:attachment":[{"href":"http:\/\/www.pointbarrevideo.com\/wordpress\/index.php?rest_route=%2Fwp%2Fv2%2Fmedia&parent=755"}],"wp:term":[{"taxonomy":"category","embeddable":true,"href":"http:\/\/www.pointbarrevideo.com\/wordpress\/index.php?rest_route=%2Fwp%2Fv2%2Fcategories&post=755"},{"taxonomy":"post_tag","embeddable":true,"href":"http:\/\/www.pointbarrevideo.com\/wordpress\/index.php?rest_route=%2Fwp%2Fv2%2Ftags&post=755"}],"curies":[{"name":"wp","href":"https:\/\/api.w.org\/{rel}","templated":true}]}}