{"id":705,"date":"2014-01-27T14:12:08","date_gmt":"2014-01-27T13:12:08","guid":{"rendered":"http:\/\/www.pointbarrevideo.com\/wordpress\/?p=705"},"modified":"2014-10-10T08:26:01","modified_gmt":"2014-10-10T07:26:01","slug":"projection-il-etait-une-foi-les-chemins-du-tro-breiz-a-crozon","status":"publish","type":"post","link":"http:\/\/www.pointbarrevideo.com\/wordpress\/?p=705","title":{"rendered":"Projection Il \u00e9tait une foi&#8230;les chemins du TRO BREIZ \u00e0 CROZON"},"content":{"rendered":"<p><em> Le mercredi 21\u00a0 \u00e0 17h au cin\u00e9ma Le Rex de Crozon et le jeudi 22 janvier \u00e0 17h au cin\u00e9ma Rocamadour de Camaret, le film Il \u00e9tait une foi produit par POINT BARRE a \u00e9t\u00e9 diffus\u00e9. L&rsquo;ensemble de l&rsquo;\u00e9quipe du film n&rsquo;a pu faire le d\u00e9placement, Lo\u00efc Riou et Philippe Morlais sont ainsi les deux participants au projet \u00e0 \u00eatre all\u00e9s \u00e0 la rencontre des spectateurs. L&rsquo;\u00e9quipe de POINT BARRE et le cor\u00e9alisateur du film Antonin Alloggio remercient les responsables des cin\u00e9mas pour cette programmation.<\/em><\/p>\n<p>Ci-dessous l&rsquo;article parut dans le OUEST FRANCE :<\/p>\n<p>&nbsp;<\/p>\n<header>\n<div><strong>Crozon &#8211; <\/strong><time itemprop=\"datepublished\" datetime=\"2014-01-24T02:00:32+02:00\"> 24 Janvier<\/time><\/div>\n<\/header>\n<header>\n<div><time itemprop=\"datepublished\" datetime=\"2014-01-24T02:00:32+02:00\"><\/time><img loading=\"lazy\" decoding=\"async\" src=\"http:\/\/www.ouest-france.fr\/sites\/default\/files\/styles\/image-article-detail\/public\/2014\/01\/26\/loic-riou-partage-son-aventure-du-tro-breizh.jpg\" alt=\"De gauche \u00e0 droite : Philippe Morlais, Danny-No\u00ebl Choplin, b\u00e9n\u00e9vole de l'association Cin\u00e9s du bout du monde, Lo\u00efc Riou, Jo\u00eblle Lardhy, Claire Lesieur, animatrice et assistante du pr\u00e9sident de l'association, Jean-Fran\u00e7ois Dani\u00e9lou, \u00e0 droite.\" width=\"640\" height=\"360\" \/><\/div>\n<div>\n<div>\n<p>Mercredi, Lo\u00efc Riou et le cameraman Philippe Morlais ont pr\u00e9sent\u00e9 un documentaire sur le Tro Breizh, ce p\u00e8lerinage autour de la Bretagne, mythique et mystique, dont le but est de rendre hommage aux sept saints venu \u00e9vang\u00e9liser la Bretagne en parcourant les anciens \u00e9v\u00each\u00e9s.<\/p>\n<\/div>\n<\/div>\n<\/header>\n<div>\n<div>\n<p>\u00c0 travers une cinquantaine de t\u00e9moignages tourn\u00e9s vers la spiritualit\u00e9, on comprend les besoins, les envies des p\u00e8lerins, on les voit marcher ensemble, se rencontrer, se confier&#8230; Lo\u00efc Riou compte tourner un film chaque ann\u00e9e sur des th\u00e9matiques diff\u00e9rentes<strong> <\/strong>:<strong> \u00ab Cette ann\u00e9e, ce sera les 20 ans du Tro Breizh, j&rsquo;ai envie de faire s&rsquo;exprimer les p<\/strong>\u00e8<strong>lerins sur les histoires marrantes, \u00e9mouvantes, extraordinaires qu&rsquo;ils ont v\u00e9cues durant la semaine que dure le Tro Breizh et qui ont peut-\u00eatre chang\u00e9 leur vie. \u00bb<\/strong><\/p>\n<p>Ce projet sera port\u00e9 par l&rsquo;association Phare ouest<strong> <\/strong>qu&rsquo;a cr\u00e9\u00e9e Lo\u00efc. Apr\u00e8s la diffusion du film, un d\u00e9bat s&rsquo;est engag\u00e9 avec le public et Jo\u00eblle Lardhy, une habitu\u00e9e du Tro Breizh : <strong>\u00ab Un jour, je suis all\u00e9e chercher les coefficients des mar\u00e9es, et juste au-dessus j&rsquo;ai vu l&rsquo;affiche du Tro Breizh. Depuis je n&rsquo;en raterais pas un. Tout le monde y trouve son compte, que l&rsquo;on soit c<\/strong><strong>royant ou pas. Certains ne viennent que pour marcher. C&rsquo;est le seul endroit o\u00f9 je n&rsquo;ai jamais entendu un mot plus haut que l&rsquo;autre, de disputes ou de bagarres. C&rsquo;est extraordinaire. \u00bb<\/strong> Un chemin balis\u00e9 permanent est mis en place et sera pr\u00eat d&rsquo;ici un ou deux ans. Lo\u00efc Riou a d\u00e9couvert le Tro Breizh au cours d&rsquo;un voyage en Afrique en rencontrant Philippe Abjean, celui qui a relanc\u00e9 le p\u00e8lerinage. Il y a 20 ans, 600 personnes y participaient. Aujourd&rsquo;hui, elles sont entre 1 000 et 2 000.<\/p>\n<p>Source : http:\/\/www.ouest-france.fr\/loic-riou-partage-son-aventure-du-tro-breizh-1881085<\/p>\n<p>A bient\u00f4t lors de l&rsquo;une de nos prochaines projections !<\/p>\n<p>L&rsquo;\u00e9quipe de POINT BARRE<\/p>\n<\/div>\n<\/div>\n","protected":false},"excerpt":{"rendered":"<p>Le mercredi 21\u00a0 \u00e0 17h au cin\u00e9ma Le Rex de Crozon et le jeudi 22 janvier \u00e0 17h au cin\u00e9ma Rocamadour de Camaret, le film Il \u00e9tait une foi produit par POINT BARRE a \u00e9t\u00e9 diffus\u00e9. L&rsquo;ensemble de l&rsquo;\u00e9quipe du &hellip; <a href=\"http:\/\/www.pointbarrevideo.com\/wordpress\/?p=705\">Continuer la lecture <span class=\"meta-nav\">&rarr;<\/span><\/a><\/p>\n","protected":false},"author":1,"featured_media":0,"comment_status":"closed","ping_status":"closed","sticky":false,"template":"","format":"standard","meta":{"footnotes":""},"categories":[33],"tags":[],"class_list":["post-705","post","type-post","status-publish","format-standard","hentry","category-archives"],"_links":{"self":[{"href":"http:\/\/www.pointbarrevideo.com\/wordpress\/index.php?rest_route=\/wp\/v2\/posts\/705","targetHints":{"allow":["GET"]}}],"collection":[{"href":"http:\/\/www.pointbarrevideo.com\/wordpress\/index.php?rest_route=\/wp\/v2\/posts"}],"about":[{"href":"http:\/\/www.pointbarrevideo.com\/wordpress\/index.php?rest_route=\/wp\/v2\/types\/post"}],"author":[{"embeddable":true,"href":"http:\/\/www.pointbarrevideo.com\/wordpress\/index.php?rest_route=\/wp\/v2\/users\/1"}],"replies":[{"embeddable":true,"href":"http:\/\/www.pointbarrevideo.com\/wordpress\/index.php?rest_route=%2Fwp%2Fv2%2Fcomments&post=705"}],"version-history":[{"count":4,"href":"http:\/\/www.pointbarrevideo.com\/wordpress\/index.php?rest_route=\/wp\/v2\/posts\/705\/revisions"}],"predecessor-version":[{"id":1125,"href":"http:\/\/www.pointbarrevideo.com\/wordpress\/index.php?rest_route=\/wp\/v2\/posts\/705\/revisions\/1125"}],"wp:attachment":[{"href":"http:\/\/www.pointbarrevideo.com\/wordpress\/index.php?rest_route=%2Fwp%2Fv2%2Fmedia&parent=705"}],"wp:term":[{"taxonomy":"category","embeddable":true,"href":"http:\/\/www.pointbarrevideo.com\/wordpress\/index.php?rest_route=%2Fwp%2Fv2%2Fcategories&post=705"},{"taxonomy":"post_tag","embeddable":true,"href":"http:\/\/www.pointbarrevideo.com\/wordpress\/index.php?rest_route=%2Fwp%2Fv2%2Ftags&post=705"}],"curies":[{"name":"wp","href":"https:\/\/api.w.org\/{rel}","templated":true}]}}