{"id":673,"date":"2014-01-15T14:28:08","date_gmt":"2014-01-15T13:28:08","guid":{"rendered":"http:\/\/www.pointbarrevideo.com\/wordpress\/?p=673"},"modified":"2014-10-10T08:25:46","modified_gmt":"2014-10-10T07:25:46","slug":"avant-premiere-du-film-generations-galeres-a-lehesp","status":"publish","type":"post","link":"http:\/\/www.pointbarrevideo.com\/wordpress\/?p=673","title":{"rendered":"Avant premi\u00e8re du film GENERATIONS GALERES \u00e0 l&rsquo;EHESP"},"content":{"rendered":"<p>&nbsp;<\/p>\n<p><a href=\"http:\/\/www.pointbarrevideo.com\/wordpress\/wp-content\/uploads\/2014\/01\/EHESP1.png\"><img loading=\"lazy\" decoding=\"async\" class=\"aligncenter size-large wp-image-682\" title=\"EHESP\" src=\"http:\/\/www.pointbarrevideo.com\/wordpress\/wp-content\/uploads\/2014\/01\/EHESP1-1024x544.png\" alt=\"\" width=\"584\" height=\"310\" srcset=\"http:\/\/www.pointbarrevideo.com\/wordpress\/wp-content\/uploads\/2014\/01\/EHESP1-1024x544.png 1024w, http:\/\/www.pointbarrevideo.com\/wordpress\/wp-content\/uploads\/2014\/01\/EHESP1-300x159.png 300w, http:\/\/www.pointbarrevideo.com\/wordpress\/wp-content\/uploads\/2014\/01\/EHESP1-500x266.png 500w, http:\/\/www.pointbarrevideo.com\/wordpress\/wp-content\/uploads\/2014\/01\/EHESP1.png 1872w\" sizes=\"auto, (max-width: 584px) 100vw, 584px\" \/><\/a><\/p>\n<p style=\"text-align: justify;\">Le 14 janvier 2014 \u00e0 l&rsquo;EHESP (\u00c9cole des Hautes Etudes en Sant\u00e9 Publique) s&rsquo;est d\u00e9roul\u00e9e\u00a0l&rsquo;avant-premi\u00e8re du film <strong>G\u00e9n\u00e9rations Gal\u00e8res<\/strong> en partenariat avec la\u00a0<strong>Chaire de recherche sur la jeunesse. <\/strong>C&rsquo;est apr\u00e8s une courte introduction \u00a0de Christophe Moreau (sociologue) \u00e0 l&rsquo;initiative de l&rsquo;organisation de \u00a0cette projection, que le film \u00e0 \u00e9t\u00e9 projet\u00e9.<\/p>\n<p style=\"text-align: justify;\">Dans la salle environ 130 personnes (pour beaucoup d&rsquo;entres elles sp\u00e9cialistes de la jeunesse) d\u00e9couvraient le film de <strong>Jo\u00ebl Martins Da Silva<\/strong>, produit par<strong> POINT BARRE<\/strong>. La projection en pr\u00e9sence des membres de l&rsquo;\u00e9quipe du film s&rsquo;est poursuivie par un \u00e9change \/ discussion.<\/p>\n<p><iframe loading=\"lazy\" src=\"http:\/\/video.ehesp.fr\/widget\/2014_01_14-generationsgaleres-mp4\" frameborder=\"0\" scrolling=\"no\" width=\"640\" height=\"360\"><\/iframe><\/p>\n<p style=\"text-align: justify;\">Les retours tr\u00e8s positifs que nous avons eu hier nous conduisent \u00e0 mettre\u00a0<strong>un bulletin de souscription<\/strong>\u00a0 \u00e0 la disposition des personnes souhaitant acheter un exemplaire<strong> DVD<\/strong> du film <strong>GENERATIONS GALERES<\/strong>.<\/p>\n<p style=\"text-align: justify;\"><iframe loading=\"lazy\" src=\"\/\/player.vimeo.com\/video\/59082940?title=0&amp;byline=0&amp;portrait=0&amp;color=26353b\" frameborder=\"0\" width=\"500\" height=\"275\"><\/iframe><\/p>\n<p style=\"text-align: justify;\"><a href=\"http:\/\/www.pointbarrevideo.com\/wordpress\/wp-content\/uploads\/2014\/01\/SOUSCRIPTION-GENERATION-GALERE.pdf\">SOUSCRIPTION &#8211; GENERATION GALERE<\/a><\/p>\n<p style=\"text-align: justify;\"><strong>Jo\u00ebl Martins Da Silva<\/strong> et <strong>Antonin Alloggio<\/strong> tiennent \u00e0 remercier chaleureusement Virginie Muniglia,\u00a0Yoann\u00a0Boishardy et bien s\u00fbr Christophe Moreau, pour cette invitation et l\u2019accueil qui leur a \u00e9t\u00e9 fait.<a href=\"http:\/\/www.pointbarrevideo.com\/wordpress\/wp-content\/uploads\/2013\/09\/Pr\u00e9sentation-G\u00e9n\u00e9ration-gal\u00e8re-ok.jpg\"><br \/>\n<\/a><\/p>\n","protected":false},"excerpt":{"rendered":"<p>&nbsp; Le 14 janvier 2014 \u00e0 l&rsquo;EHESP (\u00c9cole des Hautes Etudes en Sant\u00e9 Publique) s&rsquo;est d\u00e9roul\u00e9e\u00a0l&rsquo;avant-premi\u00e8re du film G\u00e9n\u00e9rations Gal\u00e8res en partenariat avec la\u00a0Chaire de recherche sur la jeunesse. C&rsquo;est apr\u00e8s une courte introduction \u00a0de Christophe Moreau (sociologue) \u00e0 l&rsquo;initiative &hellip; <a href=\"http:\/\/www.pointbarrevideo.com\/wordpress\/?p=673\">Continuer la lecture <span class=\"meta-nav\">&rarr;<\/span><\/a><\/p>\n","protected":false},"author":1,"featured_media":0,"comment_status":"closed","ping_status":"open","sticky":false,"template":"","format":"standard","meta":{"footnotes":""},"categories":[33],"tags":[],"class_list":["post-673","post","type-post","status-publish","format-standard","hentry","category-archives"],"_links":{"self":[{"href":"http:\/\/www.pointbarrevideo.com\/wordpress\/index.php?rest_route=\/wp\/v2\/posts\/673","targetHints":{"allow":["GET"]}}],"collection":[{"href":"http:\/\/www.pointbarrevideo.com\/wordpress\/index.php?rest_route=\/wp\/v2\/posts"}],"about":[{"href":"http:\/\/www.pointbarrevideo.com\/wordpress\/index.php?rest_route=\/wp\/v2\/types\/post"}],"author":[{"embeddable":true,"href":"http:\/\/www.pointbarrevideo.com\/wordpress\/index.php?rest_route=\/wp\/v2\/users\/1"}],"replies":[{"embeddable":true,"href":"http:\/\/www.pointbarrevideo.com\/wordpress\/index.php?rest_route=%2Fwp%2Fv2%2Fcomments&post=673"}],"version-history":[{"count":17,"href":"http:\/\/www.pointbarrevideo.com\/wordpress\/index.php?rest_route=\/wp\/v2\/posts\/673\/revisions"}],"predecessor-version":[{"id":1123,"href":"http:\/\/www.pointbarrevideo.com\/wordpress\/index.php?rest_route=\/wp\/v2\/posts\/673\/revisions\/1123"}],"wp:attachment":[{"href":"http:\/\/www.pointbarrevideo.com\/wordpress\/index.php?rest_route=%2Fwp%2Fv2%2Fmedia&parent=673"}],"wp:term":[{"taxonomy":"category","embeddable":true,"href":"http:\/\/www.pointbarrevideo.com\/wordpress\/index.php?rest_route=%2Fwp%2Fv2%2Fcategories&post=673"},{"taxonomy":"post_tag","embeddable":true,"href":"http:\/\/www.pointbarrevideo.com\/wordpress\/index.php?rest_route=%2Fwp%2Fv2%2Ftags&post=673"}],"curies":[{"name":"wp","href":"https:\/\/api.w.org\/{rel}","templated":true}]}}