{"id":1512,"date":"2016-09-29T11:38:58","date_gmt":"2016-09-29T10:38:58","guid":{"rendered":"http:\/\/www.pointbarrevideo.com\/wordpress\/?p=1512"},"modified":"2021-03-25T11:40:50","modified_gmt":"2021-03-25T10:40:50","slug":"cest-la-rentree","status":"publish","type":"post","link":"http:\/\/www.pointbarrevideo.com\/wordpress\/?p=1512","title":{"rendered":"C&rsquo;est la rentr\u00e9e !"},"content":{"rendered":"<div>\n<p>Pour faire notre rentr\u00e9e, quoi de mieux qu&rsquo;une belle s\u00e9rie de projections ?<\/p>\n<p><strong>Samedi 17 septembre 2016<br \/>\n<\/strong><\/p>\n<table>\n<tbody>\n<tr>\n<td width=\"206\">&#8211; 10h\u00a0: <strong>\u00ab\u00a0Coglais 1968\u00a0\u00bb<\/strong><br \/>\n<em>en version restaur\u00e9e<\/em><br \/>\n\u2013 11h\u00a0: <strong>\u00ab\u00a0Coglais 2015\u00a0\u00bb<\/strong><\/td>\n<td width=\"354\">Salle Guy Tazartez-Les Hameaux du Coglais<br \/>\n5 rue Victor Roussin 35460 Saint Brice en Cogl\u00e8s<\/td>\n<\/tr>\n<\/tbody>\n<\/table>\n<table>\n<tbody>\n<tr>\n<td width=\"206\">&#8211; 14h\u00a0: <strong>\u00ab\u00a0Coglais 1968\u00a0\u00bb<\/strong><br \/>\n<em>en version restaur\u00e9e<\/em><br \/>\n\u2013 16h\u00a0: <strong>\u00ab\u00a0Coglais 1968\u00a0\u00bb <\/strong><br \/>\n<em>en version restaur\u00e9e<\/em><\/td>\n<td width=\"354\">Salle du Centre social<br \/>\nRue\u00a0 de Verdun 35460 Saint Brice en Cogl\u00e8s<\/td>\n<\/tr>\n<\/tbody>\n<\/table>\n<p><em>\u00e0 l\u2019occasion des Journ\u00e9es Europ\u00e9ennes du Patrimoine dans le Coglais<\/em><\/p>\n<p><strong>Dimanche 18 septembre 2016<br \/>\n<\/strong><\/p>\n<table>\n<tbody>\n<tr>\n<td width=\"206\">&#8211; 11h\u00a0: <strong>\u00ab\u00a0Coglais 2015\u00a0\u00bb<\/strong><\/td>\n<td width=\"354\">Centre Civique et Culturel du Coglais<br \/>\n35460 Montours<\/td>\n<\/tr>\n<\/tbody>\n<\/table>\n<p><em>\u00e0 l\u2019occasion des Journ\u00e9es Europ\u00e9ennes du Patrimoine dans le Coglais<\/em><\/p>\n<p><strong>Mercredi 28 septembre 2016<br \/>\n<\/strong><\/p>\n<table>\n<tbody>\n<tr>\n<td width=\"206\">&#8211; 18h\u00a0: <strong>\u00ab\u00a0Coglais 1968\u00a0\u00bb<\/strong><br \/>\n<em>en version restaur\u00e9e<\/em><\/td>\n<td width=\"354\">Universit\u00e9 Rennes 2<br \/>\n35000 Rennes<\/td>\n<\/tr>\n<\/tbody>\n<\/table>\n<p><em>dans le cadre de la programmation Cin\u00e9-Tambour par les \u00e9tudiants du D\u00e9partement \u00c9tudes cin\u00e9matographiques \u00e0 l\u2019occasion d\u2019une soir\u00e9e th\u00e9matique \u00ab\u00a0 Cin\u00e9mas amateurs\u00a0\u00bb<\/em><\/p>\n<p><strong>Mardi 4 octobre 2016<br \/>\n<\/strong><\/p>\n<table>\n<tbody>\n<tr>\n<td width=\"206\">&#8211; 20h : <strong>\u00ab\u00a0Coglais 2015 \u00bb<\/strong><\/td>\n<td width=\"354\">20bis Esplanade du Champ de Mars<br \/>\n35000 Rennes<\/td>\n<\/tr>\n<\/tbody>\n<\/table>\n<p><em>en compl\u00e9ment de la s\u00e9ance du 28 septembre<br \/>\n<\/em><\/p>\n<\/div>\n","protected":false},"excerpt":{"rendered":"<p>Pour faire notre rentr\u00e9e, quoi de mieux qu&rsquo;une belle s\u00e9rie de projections ? Samedi 17 septembre 2016 &#8211; 10h\u00a0: \u00ab\u00a0Coglais 1968\u00a0\u00bb en version restaur\u00e9e \u2013 11h\u00a0: \u00ab\u00a0Coglais 2015\u00a0\u00bb Salle Guy Tazartez-Les Hameaux du Coglais 5 rue Victor Roussin 35460 Saint &hellip; <a href=\"http:\/\/www.pointbarrevideo.com\/wordpress\/?p=1512\">Continuer la lecture <span class=\"meta-nav\">&rarr;<\/span><\/a><\/p>\n","protected":false},"author":1,"featured_media":0,"comment_status":"closed","ping_status":"closed","sticky":false,"template":"","format":"standard","meta":{"footnotes":""},"categories":[35],"tags":[],"class_list":["post-1512","post","type-post","status-publish","format-standard","hentry","category-coglais"],"_links":{"self":[{"href":"http:\/\/www.pointbarrevideo.com\/wordpress\/index.php?rest_route=\/wp\/v2\/posts\/1512","targetHints":{"allow":["GET"]}}],"collection":[{"href":"http:\/\/www.pointbarrevideo.com\/wordpress\/index.php?rest_route=\/wp\/v2\/posts"}],"about":[{"href":"http:\/\/www.pointbarrevideo.com\/wordpress\/index.php?rest_route=\/wp\/v2\/types\/post"}],"author":[{"embeddable":true,"href":"http:\/\/www.pointbarrevideo.com\/wordpress\/index.php?rest_route=\/wp\/v2\/users\/1"}],"replies":[{"embeddable":true,"href":"http:\/\/www.pointbarrevideo.com\/wordpress\/index.php?rest_route=%2Fwp%2Fv2%2Fcomments&post=1512"}],"version-history":[{"count":4,"href":"http:\/\/www.pointbarrevideo.com\/wordpress\/index.php?rest_route=\/wp\/v2\/posts\/1512\/revisions"}],"predecessor-version":[{"id":1717,"href":"http:\/\/www.pointbarrevideo.com\/wordpress\/index.php?rest_route=\/wp\/v2\/posts\/1512\/revisions\/1717"}],"wp:attachment":[{"href":"http:\/\/www.pointbarrevideo.com\/wordpress\/index.php?rest_route=%2Fwp%2Fv2%2Fmedia&parent=1512"}],"wp:term":[{"taxonomy":"category","embeddable":true,"href":"http:\/\/www.pointbarrevideo.com\/wordpress\/index.php?rest_route=%2Fwp%2Fv2%2Fcategories&post=1512"},{"taxonomy":"post_tag","embeddable":true,"href":"http:\/\/www.pointbarrevideo.com\/wordpress\/index.php?rest_route=%2Fwp%2Fv2%2Ftags&post=1512"}],"curies":[{"name":"wp","href":"https:\/\/api.w.org\/{rel}","templated":true}]}}